{"id":500,"date":"2024-06-05T08:16:43","date_gmt":"2024-06-05T08:16:43","guid":{"rendered":"https:\/\/srv70346.seohost.com.pl\/?p=500"},"modified":"2024-06-05T08:16:43","modified_gmt":"2024-06-05T08:16:43","slug":"spotkanie-z-wokalista-i-kompozytorem","status":"publish","type":"post","link":"https:\/\/srv70346.seohost.com.pl\/index.php\/2024\/06\/05\/spotkanie-z-wokalista-i-kompozytorem\/","title":{"rendered":"Spotkanie z wokalist\u0105 i kompozytorem"},"content":{"rendered":"\n<p>W poniedzia\u0142ek 27 maja 2024 roku po raz kolejny odby\u0142o si\u0119 w naszym domu spotkanie grupy terapeutycznej prowadzonej przez Pana Krzysztofa Ratke. Na to spotkanie Pan Krzysztof mia\u0142 dla uczestnik\u00f3w przygotowan\u0105 niespodziank\u0119, a by\u0142o ni\u0105 muzykowanie ze s\u0142awnym Jakubem Andrzejewskim. Jest on uzdolnionym bydgoskim muzykiem, gitarzyst\u0105, wokalist\u0105, kompozytorem i autorem tekst\u00f3w. Liderem Zespo\u0142u \u201ePok\u00f3j Numer 3\u201d, z kt\u00f3rym wyda\u0142 dwie p\u0142yty. Od roku 2009, kiedy rozpocz\u0105\u0142 swoj\u0105 sceniczn\u0105 przygod\u0119 wyst\u0119powa\u0142 na licznych festiwalach w Polsce, w Niemczech, Czechach, na Cyprze czy w Stanach Zjednoczonych. Kuba cz\u0119sto wsp\u00f3\u0142pracuje z muzykami takimi jak Micha\u0142 Kielak, Sebastian Riedel, John Clifton i wielu innych. Akustyczne koncerty solo, to odskocznia i mo\u017cliwo\u015b\u0107 prezentowania autorskiego materia\u0142u. Cieszymy si\u0119, \u017ce tak wa\u017cna ikona muzyki zaprezentowa\u0142a u nas sw\u00f3j talent muzyczny i gor\u0105co dzi\u0119kujemy.<\/p>\n\n\n\n<figure class=\"wp-block-image size-large\"><img fetchpriority=\"high\" decoding=\"async\" width=\"921\" height=\"1024\" src=\"https:\/\/srv70346.seohost.com.pl\/wp-content\/uploads\/2024\/06\/IMG-20240528-WA0004-1381x1536-1-921x1024.jpg\" alt=\"\" class=\"wp-image-504\" srcset=\"https:\/\/srv70346.seohost.com.pl\/wp-content\/uploads\/2024\/06\/IMG-20240528-WA0004-1381x1536-1-921x1024.jpg 921w, https:\/\/srv70346.seohost.com.pl\/wp-content\/uploads\/2024\/06\/IMG-20240528-WA0004-1381x1536-1-270x300.jpg 270w, https:\/\/srv70346.seohost.com.pl\/wp-content\/uploads\/2024\/06\/IMG-20240528-WA0004-1381x1536-1-768x854.jpg 768w, https:\/\/srv70346.seohost.com.pl\/wp-content\/uploads\/2024\/06\/IMG-20240528-WA0004-1381x1536-1.jpg 1381w\" sizes=\"(max-width: 921px) 100vw, 921px\" \/><\/figure>\n\n\n\n<figure class=\"wp-block-image size-large\"><img fetchpriority=\"high\" decoding=\"async\" width=\"921\" height=\"1024\" src=\"https:\/\/srv70346.seohost.com.pl\/wp-content\/uploads\/2024\/06\/IMG-20240528-WA0004-1381x1536-1-921x1024.jpg\" alt=\"\" class=\"wp-image-504\" srcset=\"https:\/\/srv70346.seohost.com.pl\/wp-content\/uploads\/2024\/06\/IMG-20240528-WA0004-1381x1536-1-921x1024.jpg 921w, https:\/\/srv70346.seohost.com.pl\/wp-content\/uploads\/2024\/06\/IMG-20240528-WA0004-1381x1536-1-270x300.jpg 270w, https:\/\/srv70346.seohost.com.pl\/wp-content\/uploads\/2024\/06\/IMG-20240528-WA0004-1381x1536-1-768x854.jpg 768w, https:\/\/srv70346.seohost.com.pl\/wp-content\/uploads\/2024\/06\/IMG-20240528-WA0004-1381x1536-1.jpg 1381w\" sizes=\"(max-width: 921px) 100vw, 921px\" \/><\/figure>\n","protected":false},"excerpt":{"rendered":"<p>W poniedzia\u0142ek 27 maja 2024 roku po raz kolejny odby\u0142o si\u0119 w naszym domu spotkanie grupy terapeutycznej prowadzonej przez Pana Krzysztofa Ratke. Na to spotkanie Pan Krzysztof mia\u0142 dla uczestnik\u00f3w przygotowan\u0105 niespodziank\u0119, a by\u0142o ni\u0105 muzykowanie ze s\u0142awnym Jakubem Andrzejewskim. Jest on uzdolnionym bydgoskim muzykiem, gitarzyst\u0105, wokalist\u0105, kompozytorem i autorem tekst\u00f3w. Liderem Zespo\u0142u \u201ePok\u00f3j Numer [&hellip;]<\/p>\n","protected":false},"author":1,"featured_media":503,"comment_status":"closed","ping_status":"","sticky":false,"template":"","format":"standard","meta":{"footnotes":""},"categories":[1],"tags":[],"_links":{"self":[{"href":"https:\/\/srv70346.seohost.com.pl\/index.php\/wp-json\/wp\/v2\/posts\/500"}],"collection":[{"href":"https:\/\/srv70346.seohost.com.pl\/index.php\/wp-json\/wp\/v2\/posts"}],"about":[{"href":"https:\/\/srv70346.seohost.com.pl\/index.php\/wp-json\/wp\/v2\/types\/post"}],"author":[{"embeddable":true,"href":"https:\/\/srv70346.seohost.com.pl\/index.php\/wp-json\/wp\/v2\/users\/1"}],"replies":[{"embeddable":true,"href":"https:\/\/srv70346.seohost.com.pl\/index.php\/wp-json\/wp\/v2\/comments?post=500"}],"version-history":[{"count":1,"href":"https:\/\/srv70346.seohost.com.pl\/index.php\/wp-json\/wp\/v2\/posts\/500\/revisions"}],"predecessor-version":[{"id":505,"href":"https:\/\/srv70346.seohost.com.pl\/index.php\/wp-json\/wp\/v2\/posts\/500\/revisions\/505"}],"wp:featuredmedia":[{"embeddable":true,"href":"https:\/\/srv70346.seohost.com.pl\/index.php\/wp-json\/wp\/v2\/media\/503"}],"wp:attachment":[{"href":"https:\/\/srv70346.seohost.com.pl\/index.php\/wp-json\/wp\/v2\/media?parent=500"}],"wp:term":[{"taxonomy":"category","embeddable":true,"href":"https:\/\/srv70346.seohost.com.pl\/index.php\/wp-json\/wp\/v2\/categories?post=500"},{"taxonomy":"post_tag","embeddable":true,"href":"https:\/\/srv70346.seohost.com.pl\/index.php\/wp-json\/wp\/v2\/tags?post=500"}],"curies":[{"name":"wp","href":"https:\/\/api.w.org\/{rel}","templated":true}]}}